{"id":17073,"date":"2018-10-07T19:26:31","date_gmt":"2018-10-07T19:26:31","guid":{"rendered":"http:\/\/advokattorgersen.no\/?p=17073"},"modified":"2019-09-13T21:38:27","modified_gmt":"2019-09-13T21:38:27","slug":"dokumentaren-om-voldtektssaker-sendes-pa-nrk1-den-9-oktober-brennpunkt-i-samarbeid-med-advokat-anette-torgersen","status":"publish","type":"post","link":"https:\/\/advokattorgersen.no\/pl\/2018\/10\/07\/dokumentaren-om-voldtektssaker-sendes-pa-nrk1-den-9-oktober-brennpunkt-i-samarbeid-med-advokat-anette-torgersen\/","title":{"rendered":"Dokumentaren om voldtektssaker sendes p\u00e5 NRK1 den 9. oktober | Brennpunkt i samarbeid med advokat Anette Torgersen"},"content":{"rendered":"<p><img loading=\"lazy\" class=\"alignnone size-full wp-image-17000\" src=\"http:\/\/advokattorgersen.no\/wp-content\/uploads\/2018\/06\/Bilde-hvor-jeg-g\u00e5r-ute-med-logo.jpg\" alt=\"voldtektssaker\" width=\"900\" height=\"601\" srcset=\"https:\/\/advokattorgersen.no\/wp-content\/uploads\/2018\/06\/Bilde-hvor-jeg-g\u00e5r-ute-med-logo.jpg 900w, https:\/\/advokattorgersen.no\/wp-content\/uploads\/2018\/06\/Bilde-hvor-jeg-g\u00e5r-ute-med-logo-300x200.jpg 300w, https:\/\/advokattorgersen.no\/wp-content\/uploads\/2018\/06\/Bilde-hvor-jeg-g\u00e5r-ute-med-logo-768x513.jpg 768w, https:\/\/advokattorgersen.no\/wp-content\/uploads\/2018\/06\/Bilde-hvor-jeg-g\u00e5r-ute-med-logo-700x467.jpg 700w\" sizes=\"(max-width: 900px) 100vw, 900px\" \/><\/p>\n<h4><strong>NRK Brennpunkt sin dokumentar om voldtektssaker er klar\u00a0<\/strong><\/h4>\n<p>Tirsdag den 9. oktober kl. 21:20 p\u00e5 NRK 1 sendes NRK Brennpunkt sin dokumentar om voldtektssaker.<\/p>\n<p>Voldtektssaker er et alvorlig og viktig tema. Dokumentaren tar for seg flere voldtektssaker p\u00e5 ulike stadier i prosessen fra anmeldelse er inngitt til politiet. I en av voldtektssakene f\u00f8lger man forn\u00e6rmede underveis i etterforskningsprosessen i p\u00e5vente av om det blir rettssak eller ikke. Det belyses blant annet hvordan ventetiden er for forn\u00e6rmede.<\/p>\n<h4><strong>Advokat Anette Torgersen i samarbeid med NRK Brennpunkt<\/strong><\/h4>\n<p>NRK Brennpunkt har valgt ut advokat Anette Torgersen til \u00e5 v\u00e6re med i samarbeidet om \u00e5 lage denne dokumentaren om voldtektssaker.<\/p>\n<h4><strong>\u00d8nsker \u00e5 bidra til st\u00f8rre opplysning rundt rettigheter til voldsutsatte<\/strong><\/h4>\n<p>Advokat Anette Torgersen opplever at det er mange som ikke kjenner til sine <a href=\"https:\/\/advokattorgersen.no\/pl\/voldtekt\/\">rettigheter i voldtektssakene<\/a>, s\u00e5 det er et m\u00e5l \u00e5 bidra til st\u00f8rre opplysning rundt dette. Dette v\u00e6re seg rettigheter under saksbehandlingen av straffesaken, men ogs\u00e5 i etterkant av en straffesak med tanke p\u00e5 <a href=\"https:\/\/advokattorgersen.no\/pl\/hva-er-voldsoffererstatning\/\">voldsoffererstatning<\/a>.<\/p>\n<p>Det kan nevnes at du som hovedregel har krav p\u00e5 \u00e5 f\u00e5 oppnevnt en <a href=\"https:\/\/advokattorgersen.no\/pl\/bistand\/\">bistandsadvokat<\/a> som kan hjelpe deg fra den innledende fasen rett i etterkant av voldtekten og frem til avslutning av saken din. Dette helt uten kostnad for deg.<\/p>\n<p>Advokat Anette Torgersen \u00f8nsker \u00e5 bidra til at det skal v\u00e6re en lav terskel for \u00e5 ta kontakt for en uforpliktende samtale om saken s\u00e5 du f\u00e5r de opplysningene du trenger.<\/p>\n<p><a href=\"https:\/\/advokattorgersen.no\/pl\/om-firmaet\/\">Advokat Anette Torgersen<\/a> har lang erfaring som bistandsadvokat i voldtektssaker. Du er velkommen til \u00e5 ta kontakt for en gratis og uforpliktende samtale. Advokat Anette Torgersen n\u00e5s direkte p\u00e5 tlf <a href=\"tel: 4798672929\">98 67 29 29<\/a> eller <a href=\"mailto:at@advokattorgersen.no\">at@advokattorgersen.no<\/a>.<\/p>","protected":false},"excerpt":{"rendered":"<p>Tirsdag den 9. oktober kl. 21:20 p\u00e5 NRK 1 sendes NRK Brennpunkt sin dokumentar om voldtektssaker. NRK Brennpunkt har valgt ut advokat Anette Torgersen til \u00e5 v\u00e6re med i samarbeidet om \u00e5 lage denne dokumentaren.<\/p>","protected":false},"author":1,"featured_media":17000,"comment_status":"open","ping_status":"open","sticky":false,"template":"","format":"standard","meta":{"_mi_skip_tracking":false},"categories":[258],"tags":[],"yoast_head":"<!-- This site is optimized with the Yoast SEO plugin v19.6.1 - https:\/\/yoast.com\/wordpress\/plugins\/seo\/ -->\n<title>Dokumentaren om voldtektssaker sendes p\u00e5 NRK1 den 9. oktober | Brennpunkt i samarbeid med advokat Anette Torgersen<\/title>\n<meta name=\"description\" content=\"Tirsdag den 9. oktober kl. 21:20 p\u00e5 NRK 1 sendes NRK Brennpunkt sin dokumentar om voldtektssaker. NRK Brennpunkt har valgt ut advokat Anette Torgersen til \u00e5 v\u00e6re med i samarbeidet om \u00e5 lage denne dokumentaren.\" \/>\n<meta name=\"robots\" content=\"index, follow, max-snippet:-1, max-image-preview:large, max-video-preview:-1\" \/>\n<link rel=\"canonical\" href=\"https:\/\/advokattorgersen.no\/pl\/2018\/10\/07\/dokumentaren-om-voldtektssaker-sendes-pa-nrk1-den-9-oktober-brennpunkt-i-samarbeid-med-advokat-anette-torgersen\/\" \/>\n<meta property=\"og:locale\" content=\"pl_PL\" \/>\n<meta property=\"og:type\" content=\"article\" \/>\n<meta property=\"og:title\" content=\"Dokumentaren om voldtektssaker sendes p\u00e5 NRK1 den 9. oktober | Brennpunkt i samarbeid med advokat Anette Torgersen\" \/>\n<meta property=\"og:description\" content=\"Tirsdag den 9. oktober kl. 21:20 p\u00e5 NRK 1 sendes NRK Brennpunkt sin dokumentar om voldtektssaker. NRK Brennpunkt har valgt ut advokat Anette Torgersen til \u00e5 v\u00e6re med i samarbeidet om \u00e5 lage denne dokumentaren.\" \/>\n<meta property=\"og:url\" content=\"https:\/\/advokattorgersen.no\/pl\/2018\/10\/07\/dokumentaren-om-voldtektssaker-sendes-pa-nrk1-den-9-oktober-brennpunkt-i-samarbeid-med-advokat-anette-torgersen\/\" \/>\n<meta property=\"og:site_name\" content=\"Advokatfirmaet Torgersen\" \/>\n<meta property=\"article:publisher\" content=\"https:\/\/www.facebook.com\/advokattorgersen\/\" \/>\n<meta property=\"article:published_time\" content=\"2018-10-07T19:26:31+00:00\" \/>\n<meta property=\"article:modified_time\" content=\"2019-09-13T21:38:27+00:00\" \/>\n<meta property=\"og:image\" content=\"https:\/\/advokattorgersen.no\/wp-content\/uploads\/2018\/06\/Bilde-hvor-jeg-g\u00e5r-ute-med-logo.jpg\" \/>\n\t<meta property=\"og:image:width\" content=\"900\" \/>\n\t<meta property=\"og:image:height\" content=\"601\" \/>\n\t<meta property=\"og:image:type\" content=\"image\/jpeg\" \/>\n<meta name=\"author\" content=\"Advokat Torgersen\" \/>\n<meta name=\"twitter:card\" content=\"summary_large_image\" \/>\n<meta name=\"twitter:label1\" content=\"Napisane przez\" \/>\n\t<meta name=\"twitter:data1\" content=\"Advokat Torgersen\" \/>\n\t<meta name=\"twitter:label2\" content=\"Szacowany czas czytania\" \/>\n\t<meta name=\"twitter:data2\" content=\"1 minuta\" \/>\n<script type=\"application\/ld+json\" class=\"yoast-schema-graph\">{\"@context\":\"https:\/\/schema.org\",\"@graph\":[{\"@type\":\"Article\",\"@id\":\"https:\/\/advokattorgersen.no\/2018\/10\/07\/dokumentaren-om-voldtektssaker-sendes-pa-nrk1-den-9-oktober-brennpunkt-i-samarbeid-med-advokat-anette-torgersen\/#article\",\"isPartOf\":{\"@id\":\"https:\/\/advokattorgersen.no\/2018\/10\/07\/dokumentaren-om-voldtektssaker-sendes-pa-nrk1-den-9-oktober-brennpunkt-i-samarbeid-med-advokat-anette-torgersen\/\"},\"author\":{\"name\":\"Advokat Torgersen\",\"@id\":\"https:\/\/advokattorgersen.no\/#\/schema\/person\/cb0f43b662445d755f5804382c8ff957\"},\"headline\":\"Dokumentaren om voldtektssaker sendes p\u00e5 NRK1 den 9. oktober | Brennpunkt i samarbeid med advokat Anette Torgersen\",\"datePublished\":\"2018-10-07T19:26:31+00:00\",\"dateModified\":\"2019-09-13T21:38:27+00:00\",\"mainEntityOfPage\":{\"@id\":\"https:\/\/advokattorgersen.no\/2018\/10\/07\/dokumentaren-om-voldtektssaker-sendes-pa-nrk1-den-9-oktober-brennpunkt-i-samarbeid-med-advokat-anette-torgersen\/\"},\"wordCount\":284,\"commentCount\":0,\"publisher\":{\"@id\":\"https:\/\/advokattorgersen.no\/#organization\"},\"articleSection\":[\"Resultater\"],\"inLanguage\":\"pl-PL\",\"potentialAction\":[{\"@type\":\"CommentAction\",\"name\":\"Comment\",\"target\":[\"https:\/\/advokattorgersen.no\/2018\/10\/07\/dokumentaren-om-voldtektssaker-sendes-pa-nrk1-den-9-oktober-brennpunkt-i-samarbeid-med-advokat-anette-torgersen\/#respond\"]}]},{\"@type\":\"WebPage\",\"@id\":\"https:\/\/advokattorgersen.no\/2018\/10\/07\/dokumentaren-om-voldtektssaker-sendes-pa-nrk1-den-9-oktober-brennpunkt-i-samarbeid-med-advokat-anette-torgersen\/\",\"url\":\"https:\/\/advokattorgersen.no\/2018\/10\/07\/dokumentaren-om-voldtektssaker-sendes-pa-nrk1-den-9-oktober-brennpunkt-i-samarbeid-med-advokat-anette-torgersen\/\",\"name\":\"Dokumentaren om voldtektssaker sendes p\u00e5 NRK1 den 9. oktober | Brennpunkt i samarbeid med advokat Anette Torgersen\",\"isPartOf\":{\"@id\":\"https:\/\/advokattorgersen.no\/#website\"},\"datePublished\":\"2018-10-07T19:26:31+00:00\",\"dateModified\":\"2019-09-13T21:38:27+00:00\",\"description\":\"Tirsdag den 9. oktober kl. 21:20 p\u00e5 NRK 1 sendes NRK Brennpunkt sin dokumentar om voldtektssaker. NRK Brennpunkt har valgt ut advokat Anette Torgersen til \u00e5 v\u00e6re med i samarbeidet om \u00e5 lage denne dokumentaren.\",\"breadcrumb\":{\"@id\":\"https:\/\/advokattorgersen.no\/2018\/10\/07\/dokumentaren-om-voldtektssaker-sendes-pa-nrk1-den-9-oktober-brennpunkt-i-samarbeid-med-advokat-anette-torgersen\/#breadcrumb\"},\"inLanguage\":\"pl-PL\",\"potentialAction\":[{\"@type\":\"ReadAction\",\"target\":[\"https:\/\/advokattorgersen.no\/2018\/10\/07\/dokumentaren-om-voldtektssaker-sendes-pa-nrk1-den-9-oktober-brennpunkt-i-samarbeid-med-advokat-anette-torgersen\/\"]}]},{\"@type\":\"BreadcrumbList\",\"@id\":\"https:\/\/advokattorgersen.no\/2018\/10\/07\/dokumentaren-om-voldtektssaker-sendes-pa-nrk1-den-9-oktober-brennpunkt-i-samarbeid-med-advokat-anette-torgersen\/#breadcrumb\",\"itemListElement\":[{\"@type\":\"ListItem\",\"position\":1,\"name\":\"Home\",\"item\":\"https:\/\/advokattorgersen.no\/\"},{\"@type\":\"ListItem\",\"position\":2,\"name\":\"Dokumentaren om voldtektssaker sendes p\u00e5 NRK1 den 9. oktober | Brennpunkt i samarbeid med advokat Anette Torgersen\"}]},{\"@type\":\"WebSite\",\"@id\":\"https:\/\/advokattorgersen.no\/#website\",\"url\":\"https:\/\/advokattorgersen.no\/\",\"name\":\"Advokatfirmaet Torgersen\",\"description\":\"\",\"publisher\":{\"@id\":\"https:\/\/advokattorgersen.no\/#organization\"},\"potentialAction\":[{\"@type\":\"SearchAction\",\"target\":{\"@type\":\"EntryPoint\",\"urlTemplate\":\"https:\/\/advokattorgersen.no\/?s={search_term_string}\"},\"query-input\":\"required name=search_term_string\"}],\"inLanguage\":\"pl-PL\"},{\"@type\":\"Organization\",\"@id\":\"https:\/\/advokattorgersen.no\/#organization\",\"name\":\"Advokatfirmaet Torgersen\",\"url\":\"https:\/\/advokattorgersen.no\/\",\"sameAs\":[\"https:\/\/www.linkedin.com\/company\/advokatfirmaet-torgersen\/\",\"https:\/\/www.facebook.com\/advokattorgersen\/\"],\"logo\":{\"@type\":\"ImageObject\",\"inLanguage\":\"pl-PL\",\"@id\":\"https:\/\/advokattorgersen.no\/#\/schema\/logo\/image\/\",\"url\":\"http:\/\/advokattorgersen.no\/wp-content\/uploads\/2017\/11\/advokatfirma-torgersen-logo-2-kopi.png\",\"contentUrl\":\"http:\/\/advokattorgersen.no\/wp-content\/uploads\/2017\/11\/advokatfirma-torgersen-logo-2-kopi.png\",\"width\":500,\"height\":117,\"caption\":\"Advokatfirmaet Torgersen\"},\"image\":{\"@id\":\"https:\/\/advokattorgersen.no\/#\/schema\/logo\/image\/\"}},{\"@type\":\"Person\",\"@id\":\"https:\/\/advokattorgersen.no\/#\/schema\/person\/cb0f43b662445d755f5804382c8ff957\",\"name\":\"Advokat Torgersen\",\"image\":{\"@type\":\"ImageObject\",\"inLanguage\":\"pl-PL\",\"@id\":\"https:\/\/advokattorgersen.no\/#\/schema\/person\/image\/\",\"url\":\"https:\/\/secure.gravatar.com\/avatar\/266484ee60247957ebb3e461c8200294?s=96&d=mm&r=g\",\"contentUrl\":\"https:\/\/secure.gravatar.com\/avatar\/266484ee60247957ebb3e461c8200294?s=96&d=mm&r=g\",\"caption\":\"Advokat Torgersen\"}}]}<\/script>\n<!-- \/ Yoast SEO plugin. -->","yoast_head_json":{"title":"Dokumentaren om voldtektssaker sendes p\u00e5 NRK1 den 9. oktober | Brennpunkt i samarbeid med advokat Anette Torgersen","description":"Tirsdag den 9. oktober kl. 21:20 p\u00e5 NRK 1 sendes NRK Brennpunkt sin dokumentar om voldtektssaker. NRK Brennpunkt har valgt ut advokat Anette Torgersen til \u00e5 v\u00e6re med i samarbeidet om \u00e5 lage denne dokumentaren.","robots":{"index":"index","follow":"follow","max-snippet":"max-snippet:-1","max-image-preview":"max-image-preview:large","max-video-preview":"max-video-preview:-1"},"canonical":"https:\/\/advokattorgersen.no\/pl\/2018\/10\/07\/dokumentaren-om-voldtektssaker-sendes-pa-nrk1-den-9-oktober-brennpunkt-i-samarbeid-med-advokat-anette-torgersen\/","og_locale":"pl_PL","og_type":"article","og_title":"Dokumentaren om voldtektssaker sendes p\u00e5 NRK1 den 9. oktober | Brennpunkt i samarbeid med advokat Anette Torgersen","og_description":"Tirsdag den 9. oktober kl. 21:20 p\u00e5 NRK 1 sendes NRK Brennpunkt sin dokumentar om voldtektssaker. NRK Brennpunkt har valgt ut advokat Anette Torgersen til \u00e5 v\u00e6re med i samarbeidet om \u00e5 lage denne dokumentaren.","og_url":"https:\/\/advokattorgersen.no\/pl\/2018\/10\/07\/dokumentaren-om-voldtektssaker-sendes-pa-nrk1-den-9-oktober-brennpunkt-i-samarbeid-med-advokat-anette-torgersen\/","og_site_name":"Advokatfirmaet Torgersen","article_publisher":"https:\/\/www.facebook.com\/advokattorgersen\/","article_published_time":"2018-10-07T19:26:31+00:00","article_modified_time":"2019-09-13T21:38:27+00:00","og_image":[{"width":900,"height":601,"url":"https:\/\/advokattorgersen.no\/wp-content\/uploads\/2018\/06\/Bilde-hvor-jeg-g\u00e5r-ute-med-logo.jpg","type":"image\/jpeg"}],"author":"Advokat Torgersen","twitter_card":"summary_large_image","twitter_misc":{"Napisane przez":"Advokat Torgersen","Szacowany czas czytania":"1 minuta"},"schema":{"@context":"https:\/\/schema.org","@graph":[{"@type":"Article","@id":"https:\/\/advokattorgersen.no\/2018\/10\/07\/dokumentaren-om-voldtektssaker-sendes-pa-nrk1-den-9-oktober-brennpunkt-i-samarbeid-med-advokat-anette-torgersen\/#article","isPartOf":{"@id":"https:\/\/advokattorgersen.no\/2018\/10\/07\/dokumentaren-om-voldtektssaker-sendes-pa-nrk1-den-9-oktober-brennpunkt-i-samarbeid-med-advokat-anette-torgersen\/"},"author":{"name":"Advokat Torgersen","@id":"https:\/\/advokattorgersen.no\/#\/schema\/person\/cb0f43b662445d755f5804382c8ff957"},"headline":"Dokumentaren om voldtektssaker sendes p\u00e5 NRK1 den 9. oktober | Brennpunkt i samarbeid med advokat Anette Torgersen","datePublished":"2018-10-07T19:26:31+00:00","dateModified":"2019-09-13T21:38:27+00:00","mainEntityOfPage":{"@id":"https:\/\/advokattorgersen.no\/2018\/10\/07\/dokumentaren-om-voldtektssaker-sendes-pa-nrk1-den-9-oktober-brennpunkt-i-samarbeid-med-advokat-anette-torgersen\/"},"wordCount":284,"commentCount":0,"publisher":{"@id":"https:\/\/advokattorgersen.no\/#organization"},"articleSection":["Resultater"],"inLanguage":"pl-PL","potentialAction":[{"@type":"CommentAction","name":"Comment","target":["https:\/\/advokattorgersen.no\/2018\/10\/07\/dokumentaren-om-voldtektssaker-sendes-pa-nrk1-den-9-oktober-brennpunkt-i-samarbeid-med-advokat-anette-torgersen\/#respond"]}]},{"@type":"WebPage","@id":"https:\/\/advokattorgersen.no\/2018\/10\/07\/dokumentaren-om-voldtektssaker-sendes-pa-nrk1-den-9-oktober-brennpunkt-i-samarbeid-med-advokat-anette-torgersen\/","url":"https:\/\/advokattorgersen.no\/2018\/10\/07\/dokumentaren-om-voldtektssaker-sendes-pa-nrk1-den-9-oktober-brennpunkt-i-samarbeid-med-advokat-anette-torgersen\/","name":"Dokumentaren om voldtektssaker sendes p\u00e5 NRK1 den 9. oktober | Brennpunkt i samarbeid med advokat Anette Torgersen","isPartOf":{"@id":"https:\/\/advokattorgersen.no\/#website"},"datePublished":"2018-10-07T19:26:31+00:00","dateModified":"2019-09-13T21:38:27+00:00","description":"Tirsdag den 9. oktober kl. 21:20 p\u00e5 NRK 1 sendes NRK Brennpunkt sin dokumentar om voldtektssaker. NRK Brennpunkt har valgt ut advokat Anette Torgersen til \u00e5 v\u00e6re med i samarbeidet om \u00e5 lage denne dokumentaren.","breadcrumb":{"@id":"https:\/\/advokattorgersen.no\/2018\/10\/07\/dokumentaren-om-voldtektssaker-sendes-pa-nrk1-den-9-oktober-brennpunkt-i-samarbeid-med-advokat-anette-torgersen\/#breadcrumb"},"inLanguage":"pl-PL","potentialAction":[{"@type":"ReadAction","target":["https:\/\/advokattorgersen.no\/2018\/10\/07\/dokumentaren-om-voldtektssaker-sendes-pa-nrk1-den-9-oktober-brennpunkt-i-samarbeid-med-advokat-anette-torgersen\/"]}]},{"@type":"BreadcrumbList","@id":"https:\/\/advokattorgersen.no\/2018\/10\/07\/dokumentaren-om-voldtektssaker-sendes-pa-nrk1-den-9-oktober-brennpunkt-i-samarbeid-med-advokat-anette-torgersen\/#breadcrumb","itemListElement":[{"@type":"ListItem","position":1,"name":"Home","item":"https:\/\/advokattorgersen.no\/"},{"@type":"ListItem","position":2,"name":"Dokumentaren om voldtektssaker sendes p\u00e5 NRK1 den 9. oktober | Brennpunkt i samarbeid med advokat Anette Torgersen"}]},{"@type":"WebSite","@id":"https:\/\/advokattorgersen.no\/#website","url":"https:\/\/advokattorgersen.no\/","name":"Advokatfirmaet Torgersen","description":"","publisher":{"@id":"https:\/\/advokattorgersen.no\/#organization"},"potentialAction":[{"@type":"SearchAction","target":{"@type":"EntryPoint","urlTemplate":"https:\/\/advokattorgersen.no\/?s={search_term_string}"},"query-input":"required name=search_term_string"}],"inLanguage":"pl-PL"},{"@type":"Organization","@id":"https:\/\/advokattorgersen.no\/#organization","name":"Advokatfirmaet Torgersen","url":"https:\/\/advokattorgersen.no\/","sameAs":["https:\/\/www.linkedin.com\/company\/advokatfirmaet-torgersen\/","https:\/\/www.facebook.com\/advokattorgersen\/"],"logo":{"@type":"ImageObject","inLanguage":"pl-PL","@id":"https:\/\/advokattorgersen.no\/#\/schema\/logo\/image\/","url":"http:\/\/advokattorgersen.no\/wp-content\/uploads\/2017\/11\/advokatfirma-torgersen-logo-2-kopi.png","contentUrl":"http:\/\/advokattorgersen.no\/wp-content\/uploads\/2017\/11\/advokatfirma-torgersen-logo-2-kopi.png","width":500,"height":117,"caption":"Advokatfirmaet Torgersen"},"image":{"@id":"https:\/\/advokattorgersen.no\/#\/schema\/logo\/image\/"}},{"@type":"Person","@id":"https:\/\/advokattorgersen.no\/#\/schema\/person\/cb0f43b662445d755f5804382c8ff957","name":"Advokat Torgersen","image":{"@type":"ImageObject","inLanguage":"pl-PL","@id":"https:\/\/advokattorgersen.no\/#\/schema\/person\/image\/","url":"https:\/\/secure.gravatar.com\/avatar\/266484ee60247957ebb3e461c8200294?s=96&d=mm&r=g","contentUrl":"https:\/\/secure.gravatar.com\/avatar\/266484ee60247957ebb3e461c8200294?s=96&d=mm&r=g","caption":"Advokat Torgersen"}}]}},"_links":{"self":[{"href":"https:\/\/advokattorgersen.no\/pl\/wp-json\/wp\/v2\/posts\/17073"}],"collection":[{"href":"https:\/\/advokattorgersen.no\/pl\/wp-json\/wp\/v2\/posts"}],"about":[{"href":"https:\/\/advokattorgersen.no\/pl\/wp-json\/wp\/v2\/types\/post"}],"author":[{"embeddable":true,"href":"https:\/\/advokattorgersen.no\/pl\/wp-json\/wp\/v2\/users\/1"}],"replies":[{"embeddable":true,"href":"https:\/\/advokattorgersen.no\/pl\/wp-json\/wp\/v2\/comments?post=17073"}],"version-history":[{"count":9,"href":"https:\/\/advokattorgersen.no\/pl\/wp-json\/wp\/v2\/posts\/17073\/revisions"}],"predecessor-version":[{"id":17319,"href":"https:\/\/advokattorgersen.no\/pl\/wp-json\/wp\/v2\/posts\/17073\/revisions\/17319"}],"wp:featuredmedia":[{"embeddable":true,"href":"https:\/\/advokattorgersen.no\/pl\/wp-json\/wp\/v2\/media\/17000"}],"wp:attachment":[{"href":"https:\/\/advokattorgersen.no\/pl\/wp-json\/wp\/v2\/media?parent=17073"}],"wp:term":[{"taxonomy":"category","embeddable":true,"href":"https:\/\/advokattorgersen.no\/pl\/wp-json\/wp\/v2\/categories?post=17073"},{"taxonomy":"post_tag","embeddable":true,"href":"https:\/\/advokattorgersen.no\/pl\/wp-json\/wp\/v2\/tags?post=17073"}],"curies":[{"name":"wp","href":"https:\/\/api.w.org\/{rel}","templated":true}]}}